{"id":8239,"date":"2022-05-04T01:56:28","date_gmt":"2022-05-04T01:56:28","guid":{"rendered":"http:\/\/localhost\/thembay\/hara\/?p=389"},"modified":"2022-05-04T01:56:28","modified_gmt":"2022-05-04T01:56:28","slug":"donec-laoreet-massa-varius-elit-ullamco","status":"publish","type":"post","link":"https:\/\/injaz-tunisia.org\/index.php\/2022\/05\/04\/donec-laoreet-massa-varius-elit-ullamco\/","title":{"rendered":"Donec laoreet massa varius elit ullamco"},"content":{"rendered":"\t\t<div data-elementor-type=\"wp-post\" data-elementor-id=\"8239\" class=\"elementor elementor-8239\">\n\t\t\t\t<div class=\"elementor-element elementor-element-33ca552c e-con-full e-flex e-con e-child\" data-id=\"33ca552c\" data-element_type=\"container\">\n\t\t\t\t<div class=\"elementor-element elementor-element-4744d9e9 elementor-widget elementor-widget-text-editor\" data-id=\"4744d9e9\" data-element_type=\"widget\" data-widget_type=\"text-editor.default\">\n\t\t\t\t<div class=\"elementor-widget-container\">\n\t\t\t\t\t\t\t\t\t<p>I\u2019ve been blogging for over ten years and one of my most asked questions I get is \u201cwhere is that from?\u201d or \u201cdo you have a link for that?\u201d when I share something on\u00a0Instagram. Today, I wanted to share the\u2026<\/p>\t\t\t\t\t\t\t\t<\/div>\n\t\t\t\t<\/div>\n\t\t\t\t<div class=\"elementor-element elementor-element-953c451 elementor-widget elementor-widget-text-editor\" data-id=\"953c451\" data-element_type=\"widget\" data-widget_type=\"text-editor.default\">\n\t\t\t\t<div class=\"elementor-widget-container\">\n\t\t\t\t\t\t\t\t\t<p>World Antibiotic Awareness Week is Celebrated between the 18th -24th of November each year and it was born out of the need to increase the awareness of global antimicrobial resistance (AMR) and to encourage best practices among the general public, health workers, farmers, animal health professionals and policy makers to avoid the further emergence and spread of drug-resistant infections.<\/p>\t\t\t\t\t\t\t\t<\/div>\n\t\t\t\t<\/div>\n\t\t\t\t<div class=\"elementor-element elementor-element-9075503 elementor-widget elementor-widget-text-editor\" data-id=\"9075503\" data-element_type=\"widget\" data-widget_type=\"text-editor.default\">\n\t\t\t\t<div class=\"elementor-widget-container\">\n\t\t\t\t\t\t\t\t\t<p>In May 2015, a global action plan to tackle AMR was endorsed at the World Health Assembly, supported by the Food and Agriculture Organization of the United Nations (FAO) and the World Organisation for Animal Health (OIE).<\/p>\t\t\t\t\t\t\t\t<\/div>\n\t\t\t\t<\/div>\n\t\t<div class=\"elementor-element elementor-element-6b536f63 e-con-full e-flex e-con e-child\" data-id=\"6b536f63\" data-element_type=\"container\" data-settings=\"{&quot;background_background&quot;:&quot;classic&quot;}\">\n\t\t<div class=\"elementor-element elementor-element-1f02d1f6 e-con-full e-flex e-con e-child\" data-id=\"1f02d1f6\" data-element_type=\"container\">\n\t\t\t\t<div class=\"elementor-element elementor-element-5cb78b34 elementor-widget elementor-widget-text-editor\" data-id=\"5cb78b34\" data-element_type=\"widget\" data-widget_type=\"text-editor.default\">\n\t\t\t\t<div class=\"elementor-widget-container\">\n\t\t\t\t\t\t\t\t\t<blockquote>\u201cThe first objective of the plan is to improve awareness and understanding of antimicrobial resistance through effective communication, education and training\u201d<\/blockquote>\t\t\t\t\t\t\t\t<\/div>\n\t\t\t\t<\/div>\n\t\t\t\t<div class=\"elementor-element elementor-element-155de9fb elementor-widget elementor-widget-text-editor\" data-id=\"155de9fb\" data-element_type=\"widget\" data-widget_type=\"text-editor.default\">\n\t\t\t\t<div class=\"elementor-widget-container\">\n\t\t\t\t\t\t\t\t\t<strong style=\"font-size: 16px;font-weight: 400;\">Lauriacater<\/strong>\u00a0 &#8211;\u00a0 Manchester, Kentucky 39495\t\t\t\t\t\t\t\t<\/div>\n\t\t\t\t<\/div>\n\t\t\t\t<\/div>\n\t\t\t\t<\/div>\n\t\t\t\t<div class=\"elementor-element elementor-element-2b601c42 elementor-widget elementor-widget-heading\" data-id=\"2b601c42\" data-element_type=\"widget\" data-widget_type=\"heading.default\">\n\t\t\t\t<div class=\"elementor-widget-container\">\n\t\t\t\t\t<h3 class=\"elementor-heading-title elementor-size-default\">What are the objectives of WAAW?<\/h3>\t\t\t\t<\/div>\n\t\t\t\t<\/div>\n\t\t<div class=\"elementor-element elementor-element-5536b14a e-con-full e-flex e-con e-child\" data-id=\"5536b14a\" data-element_type=\"container\">\n\t\t<div class=\"elementor-element elementor-element-ba952eb e-con-full e-flex e-con e-child\" data-id=\"ba952eb\" data-element_type=\"container\">\n\t\t\t\t<div class=\"elementor-element elementor-element-75589127 elementor-widget elementor-widget-text-editor\" data-id=\"75589127\" data-element_type=\"widget\" data-widget_type=\"text-editor.default\">\n\t\t\t\t<div class=\"elementor-widget-container\">\n\t\t\t\t\t\t\t\t\t<ul>\n \t<li>To make AMR a globally recognized issue with engagement of all sectors &#8211; human, animal, plant and environment, a &#8216;One Health approach&#8217;.<\/li>\n \t<li>To raise awareness of the need to protect antimicrobial efficacy through prudent and responsible use.<\/li>\n \t<li>To increase recognition of the roles that individuals, governments, civil society organizations and human, animal, environment and plant health as.<\/li>\n \t<li>well as agriculture professionals must all play in tackling antimicrobial resistance.<\/li>\n<\/ul>\t\t\t\t\t\t\t\t<\/div>\n\t\t\t\t<\/div>\n\t\t\t\t<\/div>\n\t\t<div class=\"elementor-element elementor-element-58648182 e-con-full e-flex e-con e-child\" data-id=\"58648182\" data-element_type=\"container\">\n\t\t\t\t<div class=\"elementor-element elementor-element-210e89f3 elementor-widget elementor-widget-text-editor\" data-id=\"210e89f3\" data-element_type=\"widget\" data-widget_type=\"text-editor.default\">\n\t\t\t\t<div class=\"elementor-widget-container\">\n\t\t\t\t\t\t\t\t\t<ul>\n \t<li>To make AMR a globally recognized issue with engagement of all sectors &#8211; human, animal, plant and environment, a &#8216;One Health approach&#8217;.<\/li>\n \t<li>To raise awareness of the need to protect antimicrobial efficacy through prudent and responsible use.<\/li>\n \t<li>To increase recognition of the roles that individuals, governments, civil society organizations and human, animal, environment and plant health as.<\/li>\n \t<li>well as agriculture professionals must all play in tackling antimicrobial resistance.<\/li>\n<\/ul>\t\t\t\t\t\t\t\t<\/div>\n\t\t\t\t<\/div>\n\t\t\t\t<\/div>\n\t\t\t\t<\/div>\n\t\t<div class=\"elementor-element elementor-element-638614b3 e-con-full e-flex e-con e-child\" data-id=\"638614b3\" data-element_type=\"container\">\n\t\t<div class=\"elementor-element elementor-element-7ba7bf3b e-con-full e-flex e-con e-child\" data-id=\"7ba7bf3b\" data-element_type=\"container\">\n\t\t\t\t<div class=\"elementor-element elementor-element-ea7cebd elementor-widget elementor-widget-image\" data-id=\"ea7cebd\" data-element_type=\"widget\" data-widget_type=\"image.default\">\n\t\t\t\t<div class=\"elementor-widget-container\">\n\t\t\t\t\t\t\t\t\t\t\t\t\t\t\t<img fetchpriority=\"high\" decoding=\"async\" width=\"762\" height=\"452\" src=\"https:\/\/injaz-tunisia.org\/wp-content\/uploads\/2024\/05\/single-blog-01.jpg\" class=\"attachment-full size-full wp-image-799\" alt=\"\" \/>\t\t\t\t\t\t\t\t\t\t\t\t\t\t\t<\/div>\n\t\t\t\t<\/div>\n\t\t\t\t<\/div>\n\t\t<div class=\"elementor-element elementor-element-5c272736 e-con-full e-flex e-con e-child\" data-id=\"5c272736\" data-element_type=\"container\">\n\t\t\t\t<div class=\"elementor-element elementor-element-722d5521 elementor-widget elementor-widget-image\" data-id=\"722d5521\" data-element_type=\"widget\" data-widget_type=\"image.default\">\n\t\t\t\t<div class=\"elementor-widget-container\">\n\t\t\t\t\t\t\t\t\t\t\t\t\t\t\t<img decoding=\"async\" width=\"762\" height=\"452\" src=\"https:\/\/injaz-tunisia.org\/wp-content\/uploads\/2024\/05\/single-blog-02.jpg\" class=\"attachment-full size-full wp-image-800\" alt=\"\" \/>\t\t\t\t\t\t\t\t\t\t\t\t\t\t\t<\/div>\n\t\t\t\t<\/div>\n\t\t\t\t<\/div>\n\t\t\t\t<\/div>\n\t\t<div class=\"elementor-element elementor-element-691d5a33 e-con-full e-flex e-con e-child\" data-id=\"691d5a33\" data-element_type=\"container\">\n\t\t\t\t<div class=\"elementor-element elementor-element-691bf5af elementor-widget elementor-widget-text-editor\" data-id=\"691bf5af\" data-element_type=\"widget\" data-widget_type=\"text-editor.default\">\n\t\t\t\t<div class=\"elementor-widget-container\">\n\t\t\t\t\t\t\t\t\t<p>World Antibiotic Awareness Week is Celebrated between the 18th -24th of November each year and it was born out of the need to increase the awareness of global antimicrobial resistance (AMR) and to encourage best practices among the general public, health workers, farmers, animal health professionals and policy makers to avoid the further emergence and spread of drug-resistant infections.<\/p>\t\t\t\t\t\t\t\t<\/div>\n\t\t\t\t<\/div>\n\t\t\t\t<\/div>\n\t\t\t\t<\/div>\n\t\t\t\t<\/div>\n\t\t\n    <div class=\"xs_social_share_widget xs_share_url after_content \t\tmain_content  wslu-style-1 wslu-share-box-shaped wslu-fill-colored wslu-none wslu-share-horizontal wslu-theme-font-no wslu-main_content\">\n\n\t\t\n        <ul>\n\t\t\t        <\/ul>\n    <\/div> \n","protected":false},"excerpt":{"rendered":"<p>The About Love film by acclaimed director Emmanuel Adjei features a soulful musical performance of the nunc interdum lacus sit ame&#8230;<\/p>\n","protected":false},"author":1,"featured_media":7043,"comment_status":"open","ping_status":"open","sticky":false,"template":"","format":"standard","meta":{"footnotes":"","_wpscppro_dont_share_socialmedia":false,"_wpscppro_custom_social_share_image":0,"_facebook_share_type":"","_twitter_share_type":"","_linkedin_share_type":"","_pinterest_share_type":"","_linkedin_share_type_page":"","_instagram_share_type":"","_medium_share_type":"","_threads_share_type":"","_google_business_share_type":"","_selected_social_profile":[],"_wpsp_enable_custom_social_template":false,"_wpsp_social_scheduling":{"enabled":false,"datetime":null,"platforms":[],"status":"template_only","dateOption":"today","timeOption":"now","customDays":"","customHours":"","customDate":"","customTime":"","schedulingType":"absolute"},"_wpsp_active_default_template":true},"categories":[39,40],"tags":[46,47,52],"class_list":["post-8239","post","type-post","status-publish","format-standard","has-post-thumbnail","hentry","category-backpack","category-fashion","tag-anklets","tag-bracelets","tag-pendants"],"yoast_head":"<!-- This site is optimized with the Yoast SEO plugin v24.4 - https:\/\/yoast.com\/wordpress\/plugins\/seo\/ -->\n<title>Donec laoreet massa varius elit ullamco - INJAZ Tunisie<\/title>\n<meta name=\"robots\" content=\"index, follow, max-snippet:-1, max-image-preview:large, max-video-preview:-1\" \/>\n<link rel=\"canonical\" href=\"https:\/\/injaz-tunisia.org\/index.php\/2022\/05\/04\/donec-laoreet-massa-varius-elit-ullamco\/\" \/>\n<meta property=\"og:locale\" content=\"fr_FR\" \/>\n<meta property=\"og:type\" content=\"article\" \/>\n<meta property=\"og:title\" content=\"Donec laoreet massa varius elit ullamco - INJAZ Tunisie\" \/>\n<meta property=\"og:description\" content=\"The About Love film by acclaimed director Emmanuel Adjei features a soulful musical performance of the nunc interdum lacus sit ame...\" \/>\n<meta property=\"og:url\" content=\"https:\/\/injaz-tunisia.org\/index.php\/2022\/05\/04\/donec-laoreet-massa-varius-elit-ullamco\/\" \/>\n<meta property=\"og:site_name\" content=\"INJAZ Tunisie\" \/>\n<meta property=\"article:publisher\" content=\"https:\/\/www.facebook.com\/injaztunisia\/\" \/>\n<meta property=\"article:published_time\" content=\"2022-05-04T01:56:28+00:00\" \/>\n<meta property=\"og:image\" content=\"https:\/\/lasa.thembaydev.com\/wp-content\/uploads\/sites\/3\/2024\/05\/single-blog-01.jpg\" \/>\n<meta name=\"author\" content=\"ICHRAKinjaztun\" \/>\n<meta name=\"twitter:card\" content=\"summary_large_image\" \/>\n<meta name=\"twitter:label1\" content=\"\u00c9crit par\" \/>\n\t<meta name=\"twitter:data1\" content=\"ICHRAKinjaztun\" \/>\n\t<meta name=\"twitter:label2\" content=\"Dur\u00e9e de lecture estim\u00e9e\" \/>\n\t<meta name=\"twitter:data2\" content=\"2 minutes\" \/>\n<script type=\"application\/ld+json\" class=\"yoast-schema-graph\">{\"@context\":\"https:\/\/schema.org\",\"@graph\":[{\"@type\":\"Article\",\"@id\":\"https:\/\/injaz-tunisia.org\/index.php\/2022\/05\/04\/donec-laoreet-massa-varius-elit-ullamco\/#article\",\"isPartOf\":{\"@id\":\"https:\/\/injaz-tunisia.org\/index.php\/2022\/05\/04\/donec-laoreet-massa-varius-elit-ullamco\/\"},\"author\":{\"name\":\"ICHRAKinjaztun\",\"@id\":\"https:\/\/injaz-tunisia.org\/#\/schema\/person\/8d28d884bfb3fa48ce5e33cf2af0f466\"},\"headline\":\"Donec laoreet massa varius elit ullamco\",\"datePublished\":\"2022-05-04T01:56:28+00:00\",\"mainEntityOfPage\":{\"@id\":\"https:\/\/injaz-tunisia.org\/index.php\/2022\/05\/04\/donec-laoreet-massa-varius-elit-ullamco\/\"},\"wordCount\":371,\"commentCount\":0,\"publisher\":{\"@id\":\"https:\/\/injaz-tunisia.org\/#organization\"},\"image\":{\"@id\":\"https:\/\/injaz-tunisia.org\/index.php\/2022\/05\/04\/donec-laoreet-massa-varius-elit-ullamco\/#primaryimage\"},\"thumbnailUrl\":\"https:\/\/injaz-tunisia.org\/wp-content\/uploads\/2024\/05\/blog-02.jpg\",\"keywords\":[\"Anklets\",\"Bracelets\",\"Pendants\"],\"articleSection\":[\"Backpack\",\"Fashion\"],\"inLanguage\":\"fr-FR\",\"potentialAction\":[{\"@type\":\"CommentAction\",\"name\":\"Comment\",\"target\":[\"https:\/\/injaz-tunisia.org\/index.php\/2022\/05\/04\/donec-laoreet-massa-varius-elit-ullamco\/#respond\"]}]},{\"@type\":\"WebPage\",\"@id\":\"https:\/\/injaz-tunisia.org\/index.php\/2022\/05\/04\/donec-laoreet-massa-varius-elit-ullamco\/\",\"url\":\"https:\/\/injaz-tunisia.org\/index.php\/2022\/05\/04\/donec-laoreet-massa-varius-elit-ullamco\/\",\"name\":\"Donec laoreet massa varius elit ullamco - INJAZ Tunisie\",\"isPartOf\":{\"@id\":\"https:\/\/injaz-tunisia.org\/#website\"},\"primaryImageOfPage\":{\"@id\":\"https:\/\/injaz-tunisia.org\/index.php\/2022\/05\/04\/donec-laoreet-massa-varius-elit-ullamco\/#primaryimage\"},\"image\":{\"@id\":\"https:\/\/injaz-tunisia.org\/index.php\/2022\/05\/04\/donec-laoreet-massa-varius-elit-ullamco\/#primaryimage\"},\"thumbnailUrl\":\"https:\/\/injaz-tunisia.org\/wp-content\/uploads\/2024\/05\/blog-02.jpg\",\"datePublished\":\"2022-05-04T01:56:28+00:00\",\"breadcrumb\":{\"@id\":\"https:\/\/injaz-tunisia.org\/index.php\/2022\/05\/04\/donec-laoreet-massa-varius-elit-ullamco\/#breadcrumb\"},\"inLanguage\":\"fr-FR\",\"potentialAction\":[{\"@type\":\"ReadAction\",\"target\":[\"https:\/\/injaz-tunisia.org\/index.php\/2022\/05\/04\/donec-laoreet-massa-varius-elit-ullamco\/\"]}]},{\"@type\":\"ImageObject\",\"inLanguage\":\"fr-FR\",\"@id\":\"https:\/\/injaz-tunisia.org\/index.php\/2022\/05\/04\/donec-laoreet-massa-varius-elit-ullamco\/#primaryimage\",\"url\":\"https:\/\/injaz-tunisia.org\/wp-content\/uploads\/2024\/05\/blog-02.jpg\",\"contentUrl\":\"https:\/\/injaz-tunisia.org\/wp-content\/uploads\/2024\/05\/blog-02.jpg\",\"width\":1400,\"height\":840},{\"@type\":\"BreadcrumbList\",\"@id\":\"https:\/\/injaz-tunisia.org\/index.php\/2022\/05\/04\/donec-laoreet-massa-varius-elit-ullamco\/#breadcrumb\",\"itemListElement\":[{\"@type\":\"ListItem\",\"position\":1,\"name\":\"Accueil\",\"item\":\"https:\/\/injaz-tunisia.org\/\"},{\"@type\":\"ListItem\",\"position\":2,\"name\":\"Donec laoreet massa varius elit ullamco\"}]},{\"@type\":\"WebSite\",\"@id\":\"https:\/\/injaz-tunisia.org\/#website\",\"url\":\"https:\/\/injaz-tunisia.org\/\",\"name\":\"INJAZ Tunisie\",\"description\":\"\",\"publisher\":{\"@id\":\"https:\/\/injaz-tunisia.org\/#organization\"},\"potentialAction\":[{\"@type\":\"SearchAction\",\"target\":{\"@type\":\"EntryPoint\",\"urlTemplate\":\"https:\/\/injaz-tunisia.org\/?s={search_term_string}\"},\"query-input\":{\"@type\":\"PropertyValueSpecification\",\"valueRequired\":true,\"valueName\":\"search_term_string\"}}],\"inLanguage\":\"fr-FR\"},{\"@type\":\"Organization\",\"@id\":\"https:\/\/injaz-tunisia.org\/#organization\",\"name\":\"INJAZ Tunisie\",\"url\":\"https:\/\/injaz-tunisia.org\/\",\"logo\":{\"@type\":\"ImageObject\",\"inLanguage\":\"fr-FR\",\"@id\":\"https:\/\/injaz-tunisia.org\/#\/schema\/logo\/image\/\",\"url\":\"https:\/\/injaz-tunisia.org\/wp-content\/uploads\/2024\/03\/logo.png\",\"contentUrl\":\"https:\/\/injaz-tunisia.org\/wp-content\/uploads\/2024\/03\/logo.png\",\"width\":1080,\"height\":359,\"caption\":\"INJAZ Tunisie\"},\"image\":{\"@id\":\"https:\/\/injaz-tunisia.org\/#\/schema\/logo\/image\/\"},\"sameAs\":[\"https:\/\/www.facebook.com\/injaztunisia\/\",\"https:\/\/www.instagram.com\/injaz_tunisia\/\"]},{\"@type\":\"Person\",\"@id\":\"https:\/\/injaz-tunisia.org\/#\/schema\/person\/8d28d884bfb3fa48ce5e33cf2af0f466\",\"name\":\"ICHRAKinjaztun\",\"image\":{\"@type\":\"ImageObject\",\"inLanguage\":\"fr-FR\",\"@id\":\"https:\/\/injaz-tunisia.org\/#\/schema\/person\/image\/\",\"url\":\"https:\/\/secure.gravatar.com\/avatar\/7cfde92467366c7a7186ab3722dc8565c4064ec24b5d39167e420b0b7e942b28?s=96&d=mm&r=g\",\"contentUrl\":\"https:\/\/secure.gravatar.com\/avatar\/7cfde92467366c7a7186ab3722dc8565c4064ec24b5d39167e420b0b7e942b28?s=96&d=mm&r=g\",\"caption\":\"ICHRAKinjaztun\"},\"sameAs\":[\"http:\/\/injaz-tunisia.org\"],\"url\":\"https:\/\/injaz-tunisia.org\/index.php\/author\/ichrakinjaztun\/\"}]}<\/script>\n<!-- \/ Yoast SEO plugin. -->","yoast_head_json":{"title":"Donec laoreet massa varius elit ullamco - INJAZ Tunisie","robots":{"index":"index","follow":"follow","max-snippet":"max-snippet:-1","max-image-preview":"max-image-preview:large","max-video-preview":"max-video-preview:-1"},"canonical":"https:\/\/injaz-tunisia.org\/index.php\/2022\/05\/04\/donec-laoreet-massa-varius-elit-ullamco\/","og_locale":"fr_FR","og_type":"article","og_title":"Donec laoreet massa varius elit ullamco - INJAZ Tunisie","og_description":"The About Love film by acclaimed director Emmanuel Adjei features a soulful musical performance of the nunc interdum lacus sit ame...","og_url":"https:\/\/injaz-tunisia.org\/index.php\/2022\/05\/04\/donec-laoreet-massa-varius-elit-ullamco\/","og_site_name":"INJAZ Tunisie","article_publisher":"https:\/\/www.facebook.com\/injaztunisia\/","article_published_time":"2022-05-04T01:56:28+00:00","og_image":[{"url":"https:\/\/lasa.thembaydev.com\/wp-content\/uploads\/sites\/3\/2024\/05\/single-blog-01.jpg","type":"","width":"","height":""}],"author":"ICHRAKinjaztun","twitter_card":"summary_large_image","twitter_misc":{"\u00c9crit par":"ICHRAKinjaztun","Dur\u00e9e de lecture estim\u00e9e":"2 minutes"},"schema":{"@context":"https:\/\/schema.org","@graph":[{"@type":"Article","@id":"https:\/\/injaz-tunisia.org\/index.php\/2022\/05\/04\/donec-laoreet-massa-varius-elit-ullamco\/#article","isPartOf":{"@id":"https:\/\/injaz-tunisia.org\/index.php\/2022\/05\/04\/donec-laoreet-massa-varius-elit-ullamco\/"},"author":{"name":"ICHRAKinjaztun","@id":"https:\/\/injaz-tunisia.org\/#\/schema\/person\/8d28d884bfb3fa48ce5e33cf2af0f466"},"headline":"Donec laoreet massa varius elit ullamco","datePublished":"2022-05-04T01:56:28+00:00","mainEntityOfPage":{"@id":"https:\/\/injaz-tunisia.org\/index.php\/2022\/05\/04\/donec-laoreet-massa-varius-elit-ullamco\/"},"wordCount":371,"commentCount":0,"publisher":{"@id":"https:\/\/injaz-tunisia.org\/#organization"},"image":{"@id":"https:\/\/injaz-tunisia.org\/index.php\/2022\/05\/04\/donec-laoreet-massa-varius-elit-ullamco\/#primaryimage"},"thumbnailUrl":"https:\/\/injaz-tunisia.org\/wp-content\/uploads\/2024\/05\/blog-02.jpg","keywords":["Anklets","Bracelets","Pendants"],"articleSection":["Backpack","Fashion"],"inLanguage":"fr-FR","potentialAction":[{"@type":"CommentAction","name":"Comment","target":["https:\/\/injaz-tunisia.org\/index.php\/2022\/05\/04\/donec-laoreet-massa-varius-elit-ullamco\/#respond"]}]},{"@type":"WebPage","@id":"https:\/\/injaz-tunisia.org\/index.php\/2022\/05\/04\/donec-laoreet-massa-varius-elit-ullamco\/","url":"https:\/\/injaz-tunisia.org\/index.php\/2022\/05\/04\/donec-laoreet-massa-varius-elit-ullamco\/","name":"Donec laoreet massa varius elit ullamco - INJAZ Tunisie","isPartOf":{"@id":"https:\/\/injaz-tunisia.org\/#website"},"primaryImageOfPage":{"@id":"https:\/\/injaz-tunisia.org\/index.php\/2022\/05\/04\/donec-laoreet-massa-varius-elit-ullamco\/#primaryimage"},"image":{"@id":"https:\/\/injaz-tunisia.org\/index.php\/2022\/05\/04\/donec-laoreet-massa-varius-elit-ullamco\/#primaryimage"},"thumbnailUrl":"https:\/\/injaz-tunisia.org\/wp-content\/uploads\/2024\/05\/blog-02.jpg","datePublished":"2022-05-04T01:56:28+00:00","breadcrumb":{"@id":"https:\/\/injaz-tunisia.org\/index.php\/2022\/05\/04\/donec-laoreet-massa-varius-elit-ullamco\/#breadcrumb"},"inLanguage":"fr-FR","potentialAction":[{"@type":"ReadAction","target":["https:\/\/injaz-tunisia.org\/index.php\/2022\/05\/04\/donec-laoreet-massa-varius-elit-ullamco\/"]}]},{"@type":"ImageObject","inLanguage":"fr-FR","@id":"https:\/\/injaz-tunisia.org\/index.php\/2022\/05\/04\/donec-laoreet-massa-varius-elit-ullamco\/#primaryimage","url":"https:\/\/injaz-tunisia.org\/wp-content\/uploads\/2024\/05\/blog-02.jpg","contentUrl":"https:\/\/injaz-tunisia.org\/wp-content\/uploads\/2024\/05\/blog-02.jpg","width":1400,"height":840},{"@type":"BreadcrumbList","@id":"https:\/\/injaz-tunisia.org\/index.php\/2022\/05\/04\/donec-laoreet-massa-varius-elit-ullamco\/#breadcrumb","itemListElement":[{"@type":"ListItem","position":1,"name":"Accueil","item":"https:\/\/injaz-tunisia.org\/"},{"@type":"ListItem","position":2,"name":"Donec laoreet massa varius elit ullamco"}]},{"@type":"WebSite","@id":"https:\/\/injaz-tunisia.org\/#website","url":"https:\/\/injaz-tunisia.org\/","name":"INJAZ Tunisie","description":"","publisher":{"@id":"https:\/\/injaz-tunisia.org\/#organization"},"potentialAction":[{"@type":"SearchAction","target":{"@type":"EntryPoint","urlTemplate":"https:\/\/injaz-tunisia.org\/?s={search_term_string}"},"query-input":{"@type":"PropertyValueSpecification","valueRequired":true,"valueName":"search_term_string"}}],"inLanguage":"fr-FR"},{"@type":"Organization","@id":"https:\/\/injaz-tunisia.org\/#organization","name":"INJAZ Tunisie","url":"https:\/\/injaz-tunisia.org\/","logo":{"@type":"ImageObject","inLanguage":"fr-FR","@id":"https:\/\/injaz-tunisia.org\/#\/schema\/logo\/image\/","url":"https:\/\/injaz-tunisia.org\/wp-content\/uploads\/2024\/03\/logo.png","contentUrl":"https:\/\/injaz-tunisia.org\/wp-content\/uploads\/2024\/03\/logo.png","width":1080,"height":359,"caption":"INJAZ Tunisie"},"image":{"@id":"https:\/\/injaz-tunisia.org\/#\/schema\/logo\/image\/"},"sameAs":["https:\/\/www.facebook.com\/injaztunisia\/","https:\/\/www.instagram.com\/injaz_tunisia\/"]},{"@type":"Person","@id":"https:\/\/injaz-tunisia.org\/#\/schema\/person\/8d28d884bfb3fa48ce5e33cf2af0f466","name":"ICHRAKinjaztun","image":{"@type":"ImageObject","inLanguage":"fr-FR","@id":"https:\/\/injaz-tunisia.org\/#\/schema\/person\/image\/","url":"https:\/\/secure.gravatar.com\/avatar\/7cfde92467366c7a7186ab3722dc8565c4064ec24b5d39167e420b0b7e942b28?s=96&d=mm&r=g","contentUrl":"https:\/\/secure.gravatar.com\/avatar\/7cfde92467366c7a7186ab3722dc8565c4064ec24b5d39167e420b0b7e942b28?s=96&d=mm&r=g","caption":"ICHRAKinjaztun"},"sameAs":["http:\/\/injaz-tunisia.org"],"url":"https:\/\/injaz-tunisia.org\/index.php\/author\/ichrakinjaztun\/"}]}},"_links":{"self":[{"href":"https:\/\/injaz-tunisia.org\/index.php\/wp-json\/wp\/v2\/posts\/8239","targetHints":{"allow":["GET"]}}],"collection":[{"href":"https:\/\/injaz-tunisia.org\/index.php\/wp-json\/wp\/v2\/posts"}],"about":[{"href":"https:\/\/injaz-tunisia.org\/index.php\/wp-json\/wp\/v2\/types\/post"}],"author":[{"embeddable":true,"href":"https:\/\/injaz-tunisia.org\/index.php\/wp-json\/wp\/v2\/users\/1"}],"replies":[{"embeddable":true,"href":"https:\/\/injaz-tunisia.org\/index.php\/wp-json\/wp\/v2\/comments?post=8239"}],"version-history":[{"count":0,"href":"https:\/\/injaz-tunisia.org\/index.php\/wp-json\/wp\/v2\/posts\/8239\/revisions"}],"wp:featuredmedia":[{"embeddable":true,"href":"https:\/\/injaz-tunisia.org\/index.php\/wp-json\/wp\/v2\/media\/7043"}],"wp:attachment":[{"href":"https:\/\/injaz-tunisia.org\/index.php\/wp-json\/wp\/v2\/media?parent=8239"}],"wp:term":[{"taxonomy":"category","embeddable":true,"href":"https:\/\/injaz-tunisia.org\/index.php\/wp-json\/wp\/v2\/categories?post=8239"},{"taxonomy":"post_tag","embeddable":true,"href":"https:\/\/injaz-tunisia.org\/index.php\/wp-json\/wp\/v2\/tags?post=8239"}],"curies":[{"name":"wp","href":"https:\/\/api.w.org\/{rel}","templated":true}]}}